{"id":3859,"date":"2026-09-04T13:30:28","date_gmt":"2026-09-04T11:30:28","guid":{"rendered":"https:\/\/utwnml.pl\/?p=3859"},"modified":"2026-09-04T13:35:50","modified_gmt":"2026-09-04T11:35:50","slug":"informacja-o-projekcie","status":"publish","type":"post","link":"https:\/\/utwnml.pl\/index.php\/2026\/09\/04\/informacja-o-projekcie\/","title":{"rendered":"Informacja o projekcie"},"content":{"rendered":"\n<figure class=\"wp-block-image size-full\"><img loading=\"lazy\" decoding=\"async\" width=\"786\" height=\"226\" src=\"https:\/\/utwnml.pl\/wp-content\/uploads\/2026\/09\/Logo.png\" alt=\"\" class=\"wp-image-3860\" srcset=\"https:\/\/utwnml.pl\/wp-content\/uploads\/2026\/09\/Logo.png 786w, https:\/\/utwnml.pl\/wp-content\/uploads\/2026\/09\/Logo-300x86.png 300w, https:\/\/utwnml.pl\/wp-content\/uploads\/2026\/09\/Logo-768x221.png 768w\" sizes=\"auto, (max-width: 786px) 100vw, 786px\" \/><\/figure>\n\n\n\n<figure class=\"wp-block-image size-full\"><img loading=\"lazy\" decoding=\"async\" width=\"1024\" height=\"1024\" src=\"https:\/\/utwnml.pl\/wp-content\/uploads\/2026\/09\/C7D1F3AA-BBDE-4BD0-82D5-2CA04E499528.PNG-Logo-odswiezone.png\" alt=\"\" class=\"wp-image-3863\" srcset=\"https:\/\/utwnml.pl\/wp-content\/uploads\/2026\/09\/C7D1F3AA-BBDE-4BD0-82D5-2CA04E499528.PNG-Logo-odswiezone.png 1024w, https:\/\/utwnml.pl\/wp-content\/uploads\/2026\/09\/C7D1F3AA-BBDE-4BD0-82D5-2CA04E499528.PNG-Logo-odswiezone-300x300.png 300w, https:\/\/utwnml.pl\/wp-content\/uploads\/2026\/09\/C7D1F3AA-BBDE-4BD0-82D5-2CA04E499528.PNG-Logo-odswiezone-150x150.png 150w, https:\/\/utwnml.pl\/wp-content\/uploads\/2026\/09\/C7D1F3AA-BBDE-4BD0-82D5-2CA04E499528.PNG-Logo-odswiezone-768x768.png 768w\" sizes=\"auto, (max-width: 1024px) 100vw, 1024px\" \/><\/figure>\n\n\n\n<p class=\"wp-block-paragraph\">Uniwersytet Trzeciego Wieku w Nowym Mie\u015bcie Lubawskim pozyska\u0142 \u015brodki finansowe na realizacj\u0119 dzia\u0142a\u0144 w ramach rz\u0105dowego programu na rzecz Os\u00f3b Starszych \u201eAktywni Seniorzy \u2013&nbsp; ASY&nbsp;na lata 2026-2030\u201d. Priorytet II&nbsp; \u2013 Edukacja os\u00f3b starszych<em>,<\/em> kt\u00f3rego celem jest rozw\u00f3j form edukacji os\u00f3b starszych, poszerzanie wiedzy, umiej\u0119tno\u015bci cyfrowych oraz aktywizacja spo\u0142eczna.<\/p>\n\n\n\n<p class=\"wp-block-paragraph\">Projekt pn. <em>Si\u0142a muzyki w \u017cyciu seniora<\/em>, przygotowany przez UTW w Nowym Mie\u015bcie Lubawskim ma na celu u\u0142atwianie udzia\u0142u seniorom w warsztatach, wyk\u0142adach i wydarzeniach muzycznych.<\/p>\n\n\n\n<p class=\"wp-block-paragraph\">Projekt obejmuje m.in.:<\/p>\n\n\n\n<ul class=\"wp-block-list\">\n<li>wyjazd do Domu Urodzenia Fryderyka Chopina w \u017belazowej Woli<\/li>\n\n\n\n<li>wyjazd do Warmi\u0144sko-Mazurskiej Filharmonii im. Feliksa Nowowiejskiego w Olsztynie<\/li>\n\n\n\n<li>wyj\u015bcie do Kinoteatru \u201eHarmonia\u201d<\/li>\n\n\n\n<li>cykl wyk\u0142ad\u00f3w na temat roli muzyki klasycznej w \u017cyciu seniora.<\/li>\n\n\n\n<li>spotkanie informacyjno\u2011edukacyjne z psychologiem,<\/li>\n\n\n\n<li>warsztaty na temat bezpiecznego korzystania z sieci i portali internetowych<\/li>\n\n\n\n<li>konferencj\u0119 na zako\u0144czenie realizacji projektu.<\/li>\n<\/ul>\n\n\n\n<p class=\"wp-block-paragraph\"><br>Suma wszystkich koszt\u00f3w realizacji zadania \u2013 37&nbsp;500,00 z\u0142<\/p>\n\n\n\n<ul class=\"wp-block-list\">\n<li>dotacja ze \u015brodk\u00f3w bud\u017cetu pa\u0144stwa \u2013 32&nbsp;000,00 z\u0142,<\/li>\n\n\n\n<li>wk\u0142ad w\u0142asny finansowy \u2013 1100,00 z\u0142,<\/li>\n\n\n\n<li>wk\u0142ad w\u0142asny niefinansowy (wolontariat) \u2013 4400,00 z\u0142<\/li>\n<\/ul>\n","protected":false},"excerpt":{"rendered":"<p>Uniwersytet Trzeciego Wieku w Nowym Mie\u015bcie Lubawskim pozyska\u0142 \u015brodki finansowe na realizacj\u0119 dzia\u0142a\u0144 w ramach rz\u0105dowego programu na rzecz Os\u00f3b Starszych \u201eAktywni Seniorzy \u2013&nbsp; ASY&nbsp;na lata 2026-2030\u201d. Priorytet II&nbsp; \u2013 Edukacja os\u00f3b starszych, kt\u00f3rego celem jest rozw\u00f3j form edukacji os\u00f3b starszych, poszerzanie wiedzy, umiej\u0119tno\u015bci cyfrowych oraz aktywizacja spo\u0142eczna. Projekt pn. Si\u0142a muzyki w \u017cyciu seniora, &#8230; <a href=\"https:\/\/utwnml.pl\/index.php\/2026\/09\/04\/informacja-o-projekcie\/\" class=\"more-link\">Read More<span class=\"screen-reader-text\"> &#8222;Informacja o projekcie&#8221;<\/span> &raquo;<\/a><\/p>\n","protected":false},"author":2,"featured_media":0,"comment_status":"closed","ping_status":"open","sticky":true,"template":"","format":"standard","meta":{"footnotes":""},"categories":[3],"tags":[],"class_list":["post-3859","post","type-post","status-publish","format-standard","hentry","category-aktualnosci"],"_links":{"self":[{"href":"https:\/\/utwnml.pl\/index.php\/wp-json\/wp\/v2\/posts\/3859","targetHints":{"allow":["GET"]}}],"collection":[{"href":"https:\/\/utwnml.pl\/index.php\/wp-json\/wp\/v2\/posts"}],"about":[{"href":"https:\/\/utwnml.pl\/index.php\/wp-json\/wp\/v2\/types\/post"}],"author":[{"embeddable":true,"href":"https:\/\/utwnml.pl\/index.php\/wp-json\/wp\/v2\/users\/2"}],"replies":[{"embeddable":true,"href":"https:\/\/utwnml.pl\/index.php\/wp-json\/wp\/v2\/comments?post=3859"}],"version-history":[{"count":3,"href":"https:\/\/utwnml.pl\/index.php\/wp-json\/wp\/v2\/posts\/3859\/revisions"}],"predecessor-version":[{"id":3864,"href":"https:\/\/utwnml.pl\/index.php\/wp-json\/wp\/v2\/posts\/3859\/revisions\/3864"}],"wp:attachment":[{"href":"https:\/\/utwnml.pl\/index.php\/wp-json\/wp\/v2\/media?parent=3859"}],"wp:term":[{"taxonomy":"category","embeddable":true,"href":"https:\/\/utwnml.pl\/index.php\/wp-json\/wp\/v2\/categories?post=3859"},{"taxonomy":"post_tag","embeddable":true,"href":"https:\/\/utwnml.pl\/index.php\/wp-json\/wp\/v2\/tags?post=3859"}],"curies":[{"name":"wp","href":"https:\/\/api.w.org\/{rel}","templated":true}]}}