{"id":3452,"date":"2026-01-30T14:19:42","date_gmt":"2026-01-30T13:19:42","guid":{"rendered":"https:\/\/utwnml.pl\/?p=3452"},"modified":"2026-01-30T14:29:29","modified_gmt":"2026-01-30T13:29:29","slug":"perla-federacji-w-i-m","status":"publish","type":"post","link":"https:\/\/utwnml.pl\/index.php\/2026\/01\/30\/perla-federacji-w-i-m\/","title":{"rendered":"*** Per\u0142a Federacji W i M ***"},"content":{"rendered":"\n<figure class=\"wp-block-image size-large is-style-rounded\"><img loading=\"lazy\" decoding=\"async\" width=\"1024\" height=\"557\" src=\"https:\/\/utwnml.pl\/wp-content\/uploads\/2026\/01\/IMG_1181.JPG-Nagrodzeni-do-wstawienia-jako-glowna-1024x557.jpg\" alt=\"\" class=\"wp-image-3453\" srcset=\"https:\/\/utwnml.pl\/wp-content\/uploads\/2026\/01\/IMG_1181.JPG-Nagrodzeni-do-wstawienia-jako-glowna-1024x557.jpg 1024w, https:\/\/utwnml.pl\/wp-content\/uploads\/2026\/01\/IMG_1181.JPG-Nagrodzeni-do-wstawienia-jako-glowna-300x163.jpg 300w, https:\/\/utwnml.pl\/wp-content\/uploads\/2026\/01\/IMG_1181.JPG-Nagrodzeni-do-wstawienia-jako-glowna-768x418.jpg 768w, https:\/\/utwnml.pl\/wp-content\/uploads\/2026\/01\/IMG_1181.JPG-Nagrodzeni-do-wstawienia-jako-glowna.jpg 1286w\" sizes=\"auto, (max-width: 1024px) 100vw, 1024px\" \/><\/figure>\n\n\n\n<p>W dniu 23.01.2026 r. w hotelu Villa Pallas w Olsztynie odby\u0142a si\u0119 Gala wr\u0119czenia statuetek \u201ePer\u0142a Federacji\u201d za osi\u0105gni\u0119cia w dzia\u0142alno\u015bci na rzecz senior\u00f3w, organizowana przez Federacj\u0119 UTW W i M<\/p>\n\n\n\n<figure class=\"wp-block-image size-large is-style-rounded\"><img loading=\"lazy\" decoding=\"async\" width=\"768\" height=\"1024\" src=\"https:\/\/utwnml.pl\/wp-content\/uploads\/2026\/01\/IMG_1183.JPG-JOLA-768x1024.jpg\" alt=\"\" class=\"wp-image-3454\" srcset=\"https:\/\/utwnml.pl\/wp-content\/uploads\/2026\/01\/IMG_1183.JPG-JOLA-768x1024.jpg 768w, https:\/\/utwnml.pl\/wp-content\/uploads\/2026\/01\/IMG_1183.JPG-JOLA-225x300.jpg 225w, https:\/\/utwnml.pl\/wp-content\/uploads\/2026\/01\/IMG_1183.JPG-JOLA-1152x1536.jpg 1152w, https:\/\/utwnml.pl\/wp-content\/uploads\/2026\/01\/IMG_1183.JPG-JOLA.jpg 1536w\" sizes=\"auto, (max-width: 768px) 100vw, 768px\" \/><\/figure>\n\n\n\n<figure class=\"wp-block-image size-large\"><img loading=\"lazy\" decoding=\"async\" width=\"1024\" height=\"768\" src=\"https:\/\/utwnml.pl\/wp-content\/uploads\/2026\/01\/IMG_1089-1.jpeg-PUBLICZNOSC-UTW-1-1024x768.jpeg\" alt=\"\" class=\"wp-image-3461\" srcset=\"https:\/\/utwnml.pl\/wp-content\/uploads\/2026\/01\/IMG_1089-1.jpeg-PUBLICZNOSC-UTW-1-1024x768.jpeg 1024w, https:\/\/utwnml.pl\/wp-content\/uploads\/2026\/01\/IMG_1089-1.jpeg-PUBLICZNOSC-UTW-1-300x225.jpeg 300w, https:\/\/utwnml.pl\/wp-content\/uploads\/2026\/01\/IMG_1089-1.jpeg-PUBLICZNOSC-UTW-1-768x576.jpeg 768w, https:\/\/utwnml.pl\/wp-content\/uploads\/2026\/01\/IMG_1089-1.jpeg-PUBLICZNOSC-UTW-1-1536x1152.jpeg 1536w, https:\/\/utwnml.pl\/wp-content\/uploads\/2026\/01\/IMG_1089-1.jpeg-PUBLICZNOSC-UTW-1-2048x1536.jpeg 2048w\" sizes=\"auto, (max-width: 1024px) 100vw, 1024px\" \/><\/figure>\n\n\n\n<p>Statuetki otrzyma\u0142y:<\/p>\n\n\n\n<p>\u2022 Akademia przy MOK w Olsztynie,<\/p>\n\n\n\n<p>\u2022 JATW Olsztyn,<\/p>\n\n\n\n<p>\u2022 UTW Ostr\u00f3da,<\/p>\n\n\n\n<p>\u2022 UTW Lidzbark Warmi\u0144ski,<\/p>\n\n\n\n<p>\u2022 UTW Lidzbark.<\/p>\n\n\n\n<p>Dwa wyr\u00f3\u017cnienia indywidualne otrzymali Tadeusz Szczubia\u0142 oraz Andrzej Post\u00f3j. By\u0142a to pierwsza gala wr\u0119czenia statuetek \u201ePer\u0142a Federacji\u201d.<\/p>\n\n\n\n<figure class=\"wp-block-image size-large is-style-rounded\"><img loading=\"lazy\" decoding=\"async\" width=\"722\" height=\"1024\" src=\"https:\/\/utwnml.pl\/wp-content\/uploads\/2026\/01\/IMG_1192.JPG-NAGRODZENI-722x1024.jpg\" alt=\"\" class=\"wp-image-3456\" srcset=\"https:\/\/utwnml.pl\/wp-content\/uploads\/2026\/01\/IMG_1192.JPG-NAGRODZENI-722x1024.jpg 722w, https:\/\/utwnml.pl\/wp-content\/uploads\/2026\/01\/IMG_1192.JPG-NAGRODZENI-212x300.jpg 212w, https:\/\/utwnml.pl\/wp-content\/uploads\/2026\/01\/IMG_1192.JPG-NAGRODZENI-768x1089.jpg 768w, https:\/\/utwnml.pl\/wp-content\/uploads\/2026\/01\/IMG_1192.JPG-NAGRODZENI-1083x1536.jpg 1083w, https:\/\/utwnml.pl\/wp-content\/uploads\/2026\/01\/IMG_1192.JPG-NAGRODZENI.jpg 1368w\" sizes=\"auto, (max-width: 722px) 100vw, 722px\" \/><\/figure>\n\n\n\n<figure class=\"wp-block-image size-large\"><img loading=\"lazy\" decoding=\"async\" width=\"768\" height=\"1024\" src=\"https:\/\/utwnml.pl\/wp-content\/uploads\/2026\/01\/IMG_1105.jpeg-SOLISCI-768x1024.jpeg\" alt=\"\" class=\"wp-image-3457\" srcset=\"https:\/\/utwnml.pl\/wp-content\/uploads\/2026\/01\/IMG_1105.jpeg-SOLISCI-768x1024.jpeg 768w, https:\/\/utwnml.pl\/wp-content\/uploads\/2026\/01\/IMG_1105.jpeg-SOLISCI-225x300.jpeg 225w, https:\/\/utwnml.pl\/wp-content\/uploads\/2026\/01\/IMG_1105.jpeg-SOLISCI-1152x1536.jpeg 1152w, https:\/\/utwnml.pl\/wp-content\/uploads\/2026\/01\/IMG_1105.jpeg-SOLISCI-1536x2048.jpeg 1536w, https:\/\/utwnml.pl\/wp-content\/uploads\/2026\/01\/IMG_1105.jpeg-SOLISCI-scaled.jpeg 1920w\" sizes=\"auto, (max-width: 768px) 100vw, 768px\" \/><\/figure>\n\n\n\n<figure class=\"wp-block-image size-large\"><img loading=\"lazy\" decoding=\"async\" width=\"768\" height=\"1024\" src=\"https:\/\/utwnml.pl\/wp-content\/uploads\/2026\/01\/IMG_1120.jpeg-solistka-1-768x1024.jpeg\" alt=\"\" class=\"wp-image-3458\" srcset=\"https:\/\/utwnml.pl\/wp-content\/uploads\/2026\/01\/IMG_1120.jpeg-solistka-1-768x1024.jpeg 768w, https:\/\/utwnml.pl\/wp-content\/uploads\/2026\/01\/IMG_1120.jpeg-solistka-1-225x300.jpeg 225w, https:\/\/utwnml.pl\/wp-content\/uploads\/2026\/01\/IMG_1120.jpeg-solistka-1-1152x1536.jpeg 1152w, https:\/\/utwnml.pl\/wp-content\/uploads\/2026\/01\/IMG_1120.jpeg-solistka-1-1536x2048.jpeg 1536w, https:\/\/utwnml.pl\/wp-content\/uploads\/2026\/01\/IMG_1120.jpeg-solistka-1-scaled.jpeg 1920w\" sizes=\"auto, (max-width: 768px) 100vw, 768px\" \/><\/figure>\n\n\n\n<p>Wydarzeniu towarzyszy\u0142a r\u00f3wnie\u017c cz\u0119\u015b\u0107 artystyczna, podczas kt\u00f3rej wyst\u0105pi\u0142a znana sopranistka Magdalena Kozakiewicz z Filharmonii Warmi\u0144sko-Mazurskiej.<\/p>\n\n\n\n<p>Nasze UTW reprezentowali Maria Krezymon oraz Krzysztof Wietecha.<\/p>\n\n\n\n<p>By\u0142 to udany event z udzia\u0142em przedstawicieli wszystkich UTW oraz zaproszonych go\u015bci.<\/p>\n\n\n\n<p>Tekst i fotorelacja: <strong>Krzysztof Wietecha<\/strong><\/p>\n","protected":false},"excerpt":{"rendered":"<p>W dniu 23.01.2026 r. w hotelu Villa Pallas w Olsztynie odby\u0142a si\u0119 Gala wr\u0119czenia statuetek \u201ePer\u0142a Federacji\u201d za osi\u0105gni\u0119cia w dzia\u0142alno\u015bci na rzecz senior\u00f3w, organizowana przez Federacj\u0119 UTW W i M Statuetki otrzyma\u0142y: \u2022 Akademia przy MOK w Olsztynie, \u2022 JATW Olsztyn, \u2022 UTW Ostr\u00f3da, \u2022 UTW Lidzbark Warmi\u0144ski, \u2022 UTW Lidzbark. Dwa wyr\u00f3\u017cnienia indywidualne &#8230; <a href=\"https:\/\/utwnml.pl\/index.php\/2026\/01\/30\/perla-federacji-w-i-m\/\" class=\"more-link\">Read More<span class=\"screen-reader-text\"> &#8222;*** Per\u0142a Federacji W i M ***&#8221;<\/span> &raquo;<\/a><\/p>\n","protected":false},"author":2,"featured_media":0,"comment_status":"closed","ping_status":"open","sticky":true,"template":"","format":"standard","meta":{"footnotes":""},"categories":[3],"tags":[],"class_list":["post-3452","post","type-post","status-publish","format-standard","hentry","category-aktualnosci"],"_links":{"self":[{"href":"https:\/\/utwnml.pl\/index.php\/wp-json\/wp\/v2\/posts\/3452","targetHints":{"allow":["GET"]}}],"collection":[{"href":"https:\/\/utwnml.pl\/index.php\/wp-json\/wp\/v2\/posts"}],"about":[{"href":"https:\/\/utwnml.pl\/index.php\/wp-json\/wp\/v2\/types\/post"}],"author":[{"embeddable":true,"href":"https:\/\/utwnml.pl\/index.php\/wp-json\/wp\/v2\/users\/2"}],"replies":[{"embeddable":true,"href":"https:\/\/utwnml.pl\/index.php\/wp-json\/wp\/v2\/comments?post=3452"}],"version-history":[{"count":2,"href":"https:\/\/utwnml.pl\/index.php\/wp-json\/wp\/v2\/posts\/3452\/revisions"}],"predecessor-version":[{"id":3462,"href":"https:\/\/utwnml.pl\/index.php\/wp-json\/wp\/v2\/posts\/3452\/revisions\/3462"}],"wp:attachment":[{"href":"https:\/\/utwnml.pl\/index.php\/wp-json\/wp\/v2\/media?parent=3452"}],"wp:term":[{"taxonomy":"category","embeddable":true,"href":"https:\/\/utwnml.pl\/index.php\/wp-json\/wp\/v2\/categories?post=3452"},{"taxonomy":"post_tag","embeddable":true,"href":"https:\/\/utwnml.pl\/index.php\/wp-json\/wp\/v2\/tags?post=3452"}],"curies":[{"name":"wp","href":"https:\/\/api.w.org\/{rel}","templated":true}]}}