{"id":2326,"date":"2024-09-14T02:19:37","date_gmt":"2024-09-14T00:19:37","guid":{"rendered":"http:\/\/utwnml.pl\/?p=2326"},"modified":"2024-11-15T11:17:55","modified_gmt":"2024-11-15T10:17:55","slug":"realizacja-projektu-poznajemy-gminy-powiatu-nowomiejskiego-gmina-biskupiec","status":"publish","type":"post","link":"https:\/\/utwnml.pl\/index.php\/2024\/09\/14\/realizacja-projektu-poznajemy-gminy-powiatu-nowomiejskiego-gmina-biskupiec\/","title":{"rendered":"Realizacja projektu \u201ePoznajemy gminy powiatu nowomiejskiego \u2013 gmina Biskupiec\u201d"},"content":{"rendered":"\n<figure class=\"wp-block-image size-large is-resized is-style-rounded\"><img loading=\"lazy\" decoding=\"async\" width=\"1024\" height=\"768\" src=\"http:\/\/utwnml.pl\/wp-content\/uploads\/2024\/09\/IMG_9168.jpg-do-wystawienia-2-1024x768.jpg\" alt=\"\" class=\"wp-image-2328\" style=\"width:840px;height:auto\" srcset=\"https:\/\/utwnml.pl\/wp-content\/uploads\/2024\/09\/IMG_9168.jpg-do-wystawienia-2-1024x768.jpg 1024w, https:\/\/utwnml.pl\/wp-content\/uploads\/2024\/09\/IMG_9168.jpg-do-wystawienia-2-300x225.jpg 300w, https:\/\/utwnml.pl\/wp-content\/uploads\/2024\/09\/IMG_9168.jpg-do-wystawienia-2-768x576.jpg 768w, https:\/\/utwnml.pl\/wp-content\/uploads\/2024\/09\/IMG_9168.jpg-do-wystawienia-2-1536x1152.jpg 1536w, https:\/\/utwnml.pl\/wp-content\/uploads\/2024\/09\/IMG_9168.jpg-do-wystawienia-2-2048x1536.jpg 2048w\" sizes=\"auto, (max-width: 1024px) 100vw, 1024px\" \/><\/figure>\n\n\n\n<p>10.09.2024r. s\u0142uchacze UTW zwiedzili gmin\u0119 Biskupiec w ramach projektu \u201ePoznajemy gminy powiatu nowomiejskiego \u2013 gmina Biskupiec\u201d dofinansowanego przez Starostwo Powiatowe w Nowym Mie\u015bcie Lubawskim.<\/p>\n\n\n\n<p>Realizacja tego projektu umo\u017cliwi\u0142a nam poznanie i wzbogacenia wiedzy na temat historii, kultury, tradycji ludowych, zabytk\u00f3w tego regionu \u2013 naszej Ma\u0142ej Ojczyzny. By\u0142o to niezwykle ciekawe i chwilami wzruszaj\u0105ce do\u015bwiadczenie , spotkanie z niezwyk\u0142ymi, wspania\u0142ymi lud\u017ami, pasjonatami lokalnej historii i tradycji ludowych , kt\u00f3rzy byli naszymi przewodnikami.<\/p>\n\n\n\n<figure class=\"wp-block-image size-large is-style-rounded\"><img loading=\"lazy\" decoding=\"async\" width=\"1024\" height=\"768\" src=\"http:\/\/utwnml.pl\/wp-content\/uploads\/2024\/09\/IMG_9232.jpg-grupa-przed-wiatrakiem-do-wystawienia-1024x768.jpg\" alt=\"\" class=\"wp-image-2329\" srcset=\"https:\/\/utwnml.pl\/wp-content\/uploads\/2024\/09\/IMG_9232.jpg-grupa-przed-wiatrakiem-do-wystawienia-1024x768.jpg 1024w, https:\/\/utwnml.pl\/wp-content\/uploads\/2024\/09\/IMG_9232.jpg-grupa-przed-wiatrakiem-do-wystawienia-300x225.jpg 300w, https:\/\/utwnml.pl\/wp-content\/uploads\/2024\/09\/IMG_9232.jpg-grupa-przed-wiatrakiem-do-wystawienia-768x576.jpg 768w, https:\/\/utwnml.pl\/wp-content\/uploads\/2024\/09\/IMG_9232.jpg-grupa-przed-wiatrakiem-do-wystawienia-1536x1152.jpg 1536w, https:\/\/utwnml.pl\/wp-content\/uploads\/2024\/09\/IMG_9232.jpg-grupa-przed-wiatrakiem-do-wystawienia-2048x1536.jpg 2048w\" sizes=\"auto, (max-width: 1024px) 100vw, 1024px\" \/><\/figure>\n\n\n\n<figure class=\"wp-block-image size-large\"><img loading=\"lazy\" decoding=\"async\" width=\"1024\" height=\"768\" src=\"http:\/\/utwnml.pl\/wp-content\/uploads\/2024\/09\/IMG_9196.jpg-przed-kuznia-do-wystawienia-1024x768.jpg\" alt=\"\" class=\"wp-image-2330\" srcset=\"https:\/\/utwnml.pl\/wp-content\/uploads\/2024\/09\/IMG_9196.jpg-przed-kuznia-do-wystawienia-1024x768.jpg 1024w, https:\/\/utwnml.pl\/wp-content\/uploads\/2024\/09\/IMG_9196.jpg-przed-kuznia-do-wystawienia-300x225.jpg 300w, https:\/\/utwnml.pl\/wp-content\/uploads\/2024\/09\/IMG_9196.jpg-przed-kuznia-do-wystawienia-768x576.jpg 768w, https:\/\/utwnml.pl\/wp-content\/uploads\/2024\/09\/IMG_9196.jpg-przed-kuznia-do-wystawienia-1536x1152.jpg 1536w, https:\/\/utwnml.pl\/wp-content\/uploads\/2024\/09\/IMG_9196.jpg-przed-kuznia-do-wystawienia-2048x1536.jpg 2048w\" sizes=\"auto, (max-width: 1024px) 100vw, 1024px\" \/><\/figure>\n\n\n\n<figure class=\"wp-block-image size-large is-style-rounded\"><img loading=\"lazy\" decoding=\"async\" width=\"1024\" height=\"768\" src=\"http:\/\/utwnml.pl\/wp-content\/uploads\/2024\/09\/IMG_9255-1024x768.jpg\" alt=\"\" class=\"wp-image-2331\" srcset=\"https:\/\/utwnml.pl\/wp-content\/uploads\/2024\/09\/IMG_9255-1024x768.jpg 1024w, https:\/\/utwnml.pl\/wp-content\/uploads\/2024\/09\/IMG_9255-300x225.jpg 300w, https:\/\/utwnml.pl\/wp-content\/uploads\/2024\/09\/IMG_9255-768x576.jpg 768w, https:\/\/utwnml.pl\/wp-content\/uploads\/2024\/09\/IMG_9255-1536x1152.jpg 1536w, https:\/\/utwnml.pl\/wp-content\/uploads\/2024\/09\/IMG_9255-2048x1536.jpg 2048w\" sizes=\"auto, (max-width: 1024px) 100vw, 1024px\" \/><\/figure>\n\n\n\n<figure class=\"wp-block-image size-large\"><img loading=\"lazy\" decoding=\"async\" width=\"1024\" height=\"768\" src=\"http:\/\/utwnml.pl\/wp-content\/uploads\/2024\/09\/IMG_9282-1024x768.jpg\" alt=\"\" class=\"wp-image-2332\" srcset=\"https:\/\/utwnml.pl\/wp-content\/uploads\/2024\/09\/IMG_9282-1024x768.jpg 1024w, https:\/\/utwnml.pl\/wp-content\/uploads\/2024\/09\/IMG_9282-300x225.jpg 300w, https:\/\/utwnml.pl\/wp-content\/uploads\/2024\/09\/IMG_9282-768x576.jpg 768w, https:\/\/utwnml.pl\/wp-content\/uploads\/2024\/09\/IMG_9282-1536x1152.jpg 1536w, https:\/\/utwnml.pl\/wp-content\/uploads\/2024\/09\/IMG_9282-2048x1536.jpg 2048w\" sizes=\"auto, (max-width: 1024px) 100vw, 1024px\" \/><\/figure>\n\n\n\n<p>W \u0141\u0105korzu zwiedzili\u015bmy Muzeum Lokalne i wiatrak holenderski, o kt\u00f3rych bardzo interesuj\u0105co opowiada\u0142 kustosz muzeum, Jan Ostrowski ; natomiast pani Ewa Adamczyk, dyrektorka Biblioteki i O\u015brodka Kultury w Biskupcu opowiedzia\u0142a nam bardzo ciekaw\u0105 histori\u0119 obelisku przy mogile \u017co\u0142nierzy napoleo\u0144skich w Ward\u0119gowie. W Sanktuarium w Ward\u0119gowie wys\u0142uchali\u015bmy prelekcji dra Andrzeja Koreckiego na temat tamtejszych objawie\u0144, a w ko\u015bciele parafialnym w Szwarcenowie \u2013 na temat dziej\u00f3w Szwarcenowa&nbsp; i ko\u015bcio\u0142a pod wezwaniem \u015bw. Miko\u0142aja.<\/p>\n\n\n\n<figure class=\"wp-block-image size-large is-style-rounded\"><img loading=\"lazy\" decoding=\"async\" width=\"768\" height=\"1024\" src=\"http:\/\/utwnml.pl\/wp-content\/uploads\/2024\/09\/IMG_9311.jpg-Szwarcenowo-Kosciol-S-768x1024.jpg\" alt=\"\" class=\"wp-image-2333\" srcset=\"https:\/\/utwnml.pl\/wp-content\/uploads\/2024\/09\/IMG_9311.jpg-Szwarcenowo-Kosciol-S-768x1024.jpg 768w, https:\/\/utwnml.pl\/wp-content\/uploads\/2024\/09\/IMG_9311.jpg-Szwarcenowo-Kosciol-S-225x300.jpg 225w, https:\/\/utwnml.pl\/wp-content\/uploads\/2024\/09\/IMG_9311.jpg-Szwarcenowo-Kosciol-S-1152x1536.jpg 1152w, https:\/\/utwnml.pl\/wp-content\/uploads\/2024\/09\/IMG_9311.jpg-Szwarcenowo-Kosciol-S-1536x2048.jpg 1536w, https:\/\/utwnml.pl\/wp-content\/uploads\/2024\/09\/IMG_9311.jpg-Szwarcenowo-Kosciol-S-scaled.jpg 1920w\" sizes=\"auto, (max-width: 768px) 100vw, 768px\" \/><\/figure>\n\n\n\n<figure class=\"wp-block-image size-large\"><img loading=\"lazy\" decoding=\"async\" width=\"768\" height=\"1024\" src=\"http:\/\/utwnml.pl\/wp-content\/uploads\/2024\/09\/IMG_9317.jpg-wyklad-szwarcenowo-768x1024.jpg\" alt=\"\" class=\"wp-image-2352\" srcset=\"https:\/\/utwnml.pl\/wp-content\/uploads\/2024\/09\/IMG_9317.jpg-wyklad-szwarcenowo-768x1024.jpg 768w, https:\/\/utwnml.pl\/wp-content\/uploads\/2024\/09\/IMG_9317.jpg-wyklad-szwarcenowo-225x300.jpg 225w, https:\/\/utwnml.pl\/wp-content\/uploads\/2024\/09\/IMG_9317.jpg-wyklad-szwarcenowo-1152x1536.jpg 1152w, https:\/\/utwnml.pl\/wp-content\/uploads\/2024\/09\/IMG_9317.jpg-wyklad-szwarcenowo-1536x2048.jpg 1536w, https:\/\/utwnml.pl\/wp-content\/uploads\/2024\/09\/IMG_9317.jpg-wyklad-szwarcenowo-scaled.jpg 1920w\" sizes=\"auto, (max-width: 768px) 100vw, 768px\" \/><\/figure>\n\n\n\n<figure class=\"wp-block-image size-large is-style-rounded\"><img loading=\"lazy\" decoding=\"async\" width=\"1024\" height=\"768\" src=\"http:\/\/utwnml.pl\/wp-content\/uploads\/2024\/09\/IMG_9266.jpg-Wardegowo-do-wstawienia-1024x768.jpg\" alt=\"\" class=\"wp-image-2348\" srcset=\"https:\/\/utwnml.pl\/wp-content\/uploads\/2024\/09\/IMG_9266.jpg-Wardegowo-do-wstawienia-1024x768.jpg 1024w, https:\/\/utwnml.pl\/wp-content\/uploads\/2024\/09\/IMG_9266.jpg-Wardegowo-do-wstawienia-300x225.jpg 300w, https:\/\/utwnml.pl\/wp-content\/uploads\/2024\/09\/IMG_9266.jpg-Wardegowo-do-wstawienia-768x576.jpg 768w, https:\/\/utwnml.pl\/wp-content\/uploads\/2024\/09\/IMG_9266.jpg-Wardegowo-do-wstawienia-1536x1152.jpg 1536w, https:\/\/utwnml.pl\/wp-content\/uploads\/2024\/09\/IMG_9266.jpg-Wardegowo-do-wstawienia-2048x1536.jpg 2048w\" sizes=\"auto, (max-width: 1024px) 100vw, 1024px\" \/><\/figure>\n\n\n\n<p>Wzruszaj\u0105cym momentem by\u0142o z\u0142o\u017cenie kwiat\u00f3w i zapalenie zniczy na cmentarzu w Lipinkach, na grobie pani Ewy Dembek, by\u0142ej starosty powiatu nowomiejskiego.<\/p>\n\n\n\n<figure class=\"wp-block-image size-large\"><img loading=\"lazy\" decoding=\"async\" width=\"1024\" height=\"768\" src=\"http:\/\/utwnml.pl\/wp-content\/uploads\/2024\/09\/IMG_9303-1024x768.jpg\" alt=\"\" class=\"wp-image-2336\" srcset=\"https:\/\/utwnml.pl\/wp-content\/uploads\/2024\/09\/IMG_9303-1024x768.jpg 1024w, https:\/\/utwnml.pl\/wp-content\/uploads\/2024\/09\/IMG_9303-300x225.jpg 300w, https:\/\/utwnml.pl\/wp-content\/uploads\/2024\/09\/IMG_9303-768x576.jpg 768w, https:\/\/utwnml.pl\/wp-content\/uploads\/2024\/09\/IMG_9303-1536x1152.jpg 1536w, https:\/\/utwnml.pl\/wp-content\/uploads\/2024\/09\/IMG_9303-2048x1536.jpg 2048w\" sizes=\"auto, (max-width: 1024px) 100vw, 1024px\" \/><\/figure>\n\n\n\n<p>Podsumowanie projektu odby\u0142o si\u0119 bardzo uroczy\u015bcie w O\u015brodku Kultury w Biskupcu, gdzie spotkali\u015bmy si\u0119 z przedstawicielami dzia\u0142aj\u0105cego tu pr\u0119\u017cnie Klubu Seniora, wys\u0142uchali\u015bmy prelekcji dra Koreckiego na temat historii Biskupca oraz cz\u0119\u015bci artystycznej przygotowanej przez uczni\u00f3w Szko\u0142y Podstawowej pod <\/p>\n\n\n\n<figure class=\"wp-block-image size-large is-style-rounded\"><img loading=\"lazy\" decoding=\"async\" width=\"1024\" height=\"768\" src=\"http:\/\/utwnml.pl\/wp-content\/uploads\/2024\/09\/IMG_9359.jpg-Pisarsa-i-Uczniowie-1024x768.jpg\" alt=\"\" class=\"wp-image-2337\" srcset=\"https:\/\/utwnml.pl\/wp-content\/uploads\/2024\/09\/IMG_9359.jpg-Pisarsa-i-Uczniowie-1024x768.jpg 1024w, https:\/\/utwnml.pl\/wp-content\/uploads\/2024\/09\/IMG_9359.jpg-Pisarsa-i-Uczniowie-300x225.jpg 300w, https:\/\/utwnml.pl\/wp-content\/uploads\/2024\/09\/IMG_9359.jpg-Pisarsa-i-Uczniowie-768x576.jpg 768w, https:\/\/utwnml.pl\/wp-content\/uploads\/2024\/09\/IMG_9359.jpg-Pisarsa-i-Uczniowie-1536x1152.jpg 1536w, https:\/\/utwnml.pl\/wp-content\/uploads\/2024\/09\/IMG_9359.jpg-Pisarsa-i-Uczniowie-2048x1536.jpg 2048w\" sizes=\"auto, (max-width: 1024px) 100vw, 1024px\" \/><\/figure>\n\n\n\n<figure class=\"wp-block-image size-large\"><img loading=\"lazy\" decoding=\"async\" width=\"1024\" height=\"768\" src=\"http:\/\/utwnml.pl\/wp-content\/uploads\/2024\/09\/IMG_9337.jpg-Sala-do-wstawienia-1024x768.jpg\" alt=\"\" class=\"wp-image-2338\" srcset=\"https:\/\/utwnml.pl\/wp-content\/uploads\/2024\/09\/IMG_9337.jpg-Sala-do-wstawienia-1024x768.jpg 1024w, https:\/\/utwnml.pl\/wp-content\/uploads\/2024\/09\/IMG_9337.jpg-Sala-do-wstawienia-300x225.jpg 300w, https:\/\/utwnml.pl\/wp-content\/uploads\/2024\/09\/IMG_9337.jpg-Sala-do-wstawienia-768x576.jpg 768w, https:\/\/utwnml.pl\/wp-content\/uploads\/2024\/09\/IMG_9337.jpg-Sala-do-wstawienia-1536x1152.jpg 1536w, https:\/\/utwnml.pl\/wp-content\/uploads\/2024\/09\/IMG_9337.jpg-Sala-do-wstawienia-2048x1536.jpg 2048w\" sizes=\"auto, (max-width: 1024px) 100vw, 1024px\" \/><\/figure>\n\n\n\n<figure class=\"wp-block-image size-large is-style-rounded\"><img loading=\"lazy\" decoding=\"async\" width=\"1024\" height=\"768\" src=\"http:\/\/utwnml.pl\/wp-content\/uploads\/2024\/09\/ELA-LESZEK-HAlinka-1024x768.jpg\" alt=\"\" class=\"wp-image-2339\" srcset=\"https:\/\/utwnml.pl\/wp-content\/uploads\/2024\/09\/ELA-LESZEK-HAlinka-1024x768.jpg 1024w, https:\/\/utwnml.pl\/wp-content\/uploads\/2024\/09\/ELA-LESZEK-HAlinka-300x225.jpg 300w, https:\/\/utwnml.pl\/wp-content\/uploads\/2024\/09\/ELA-LESZEK-HAlinka-768x576.jpg 768w, https:\/\/utwnml.pl\/wp-content\/uploads\/2024\/09\/ELA-LESZEK-HAlinka-1536x1152.jpg 1536w, https:\/\/utwnml.pl\/wp-content\/uploads\/2024\/09\/ELA-LESZEK-HAlinka-2048x1536.jpg 2048w\" sizes=\"auto, (max-width: 1024px) 100vw, 1024px\" \/><\/figure>\n\n\n\n<figure class=\"wp-block-image size-large is-style-rounded\"><img loading=\"lazy\" decoding=\"async\" width=\"1024\" height=\"768\" src=\"http:\/\/utwnml.pl\/wp-content\/uploads\/2024\/09\/IMG_9333.jpg-korecki-wyklad-1024x768.jpg\" alt=\"\" class=\"wp-image-2341\" srcset=\"https:\/\/utwnml.pl\/wp-content\/uploads\/2024\/09\/IMG_9333.jpg-korecki-wyklad-1024x768.jpg 1024w, https:\/\/utwnml.pl\/wp-content\/uploads\/2024\/09\/IMG_9333.jpg-korecki-wyklad-300x225.jpg 300w, https:\/\/utwnml.pl\/wp-content\/uploads\/2024\/09\/IMG_9333.jpg-korecki-wyklad-768x576.jpg 768w, https:\/\/utwnml.pl\/wp-content\/uploads\/2024\/09\/IMG_9333.jpg-korecki-wyklad-1536x1152.jpg 1536w, https:\/\/utwnml.pl\/wp-content\/uploads\/2024\/09\/IMG_9333.jpg-korecki-wyklad-2048x1536.jpg 2048w\" sizes=\"auto, (max-width: 1024px) 100vw, 1024px\" \/><\/figure>\n\n\n\n<figure class=\"wp-block-image size-full is-style-rounded\"><img loading=\"lazy\" decoding=\"async\" width=\"768\" height=\"1024\" src=\"http:\/\/utwnml.pl\/wp-content\/uploads\/2024\/09\/IMG_9398.JPG-Podziekowanie-dla-Ewy.jpg\" alt=\"\" class=\"wp-image-2344\" srcset=\"https:\/\/utwnml.pl\/wp-content\/uploads\/2024\/09\/IMG_9398.JPG-Podziekowanie-dla-Ewy.jpg 768w, https:\/\/utwnml.pl\/wp-content\/uploads\/2024\/09\/IMG_9398.JPG-Podziekowanie-dla-Ewy-225x300.jpg 225w\" sizes=\"auto, (max-width: 768px) 100vw, 768px\" \/><\/figure>\n\n\n\n\n\n<figure class=\"wp-block-image size-large\"><img loading=\"lazy\" decoding=\"async\" width=\"768\" height=\"1024\" src=\"http:\/\/utwnml.pl\/wp-content\/uploads\/2024\/09\/IMG_9371.jpg-Podziekowania-Koreckiemu-do-wystawienia-768x1024.jpg\" alt=\"\" class=\"wp-image-2342\" srcset=\"https:\/\/utwnml.pl\/wp-content\/uploads\/2024\/09\/IMG_9371.jpg-Podziekowania-Koreckiemu-do-wystawienia-768x1024.jpg 768w, https:\/\/utwnml.pl\/wp-content\/uploads\/2024\/09\/IMG_9371.jpg-Podziekowania-Koreckiemu-do-wystawienia-225x300.jpg 225w, https:\/\/utwnml.pl\/wp-content\/uploads\/2024\/09\/IMG_9371.jpg-Podziekowania-Koreckiemu-do-wystawienia-1152x1536.jpg 1152w, https:\/\/utwnml.pl\/wp-content\/uploads\/2024\/09\/IMG_9371.jpg-Podziekowania-Koreckiemu-do-wystawienia-1536x2048.jpg 1536w, https:\/\/utwnml.pl\/wp-content\/uploads\/2024\/09\/IMG_9371.jpg-Podziekowania-Koreckiemu-do-wystawienia-scaled.jpg 1920w\" sizes=\"auto, (max-width: 768px) 100vw, 768px\" \/><\/figure>\n\n\n\n<p>kierunkiem pani Sylwii Pisarskiej, zostali\u015bmy wspaniale ugoszczeni pocz\u0119stunkiem. Ogromne wyrazy uznania i podzi\u0119kowanie za przygotowanie i przeprowadzenie projektu dla koordynator\u00f3w: Lecha Bobera i El\u017cbiety Grzonkowskiej oraz wszystkich, kt\u00f3rzy przyczynili si\u0119 do jego realizacji i wzi\u0119li w nim udzia\u0142.<\/p>\n\n\n\n<p>Tekst: Barbara Jasiak<\/p>\n","protected":false},"excerpt":{"rendered":"<p>10.09.2024r. s\u0142uchacze UTW zwiedzili gmin\u0119 Biskupiec w ramach projektu \u201ePoznajemy gminy powiatu nowomiejskiego \u2013 gmina Biskupiec\u201d dofinansowanego przez Starostwo Powiatowe w Nowym Mie\u015bcie Lubawskim. Realizacja tego projektu umo\u017cliwi\u0142a nam poznanie i wzbogacenia wiedzy na temat historii, kultury, tradycji ludowych, zabytk\u00f3w tego regionu \u2013 naszej Ma\u0142ej Ojczyzny. By\u0142o to niezwykle ciekawe i chwilami wzruszaj\u0105ce do\u015bwiadczenie , &#8230; <a href=\"https:\/\/utwnml.pl\/index.php\/2024\/09\/14\/realizacja-projektu-poznajemy-gminy-powiatu-nowomiejskiego-gmina-biskupiec\/\" class=\"more-link\">Read More<span class=\"screen-reader-text\"> &#8222;Realizacja projektu \u201ePoznajemy gminy powiatu nowomiejskiego \u2013 gmina Biskupiec\u201d&#8221;<\/span> &raquo;<\/a><\/p>\n","protected":false},"author":2,"featured_media":0,"comment_status":"closed","ping_status":"open","sticky":false,"template":"","format":"standard","meta":{"footnotes":""},"categories":[3],"tags":[],"class_list":["post-2326","post","type-post","status-publish","format-standard","hentry","category-aktualnosci"],"_links":{"self":[{"href":"https:\/\/utwnml.pl\/index.php\/wp-json\/wp\/v2\/posts\/2326","targetHints":{"allow":["GET"]}}],"collection":[{"href":"https:\/\/utwnml.pl\/index.php\/wp-json\/wp\/v2\/posts"}],"about":[{"href":"https:\/\/utwnml.pl\/index.php\/wp-json\/wp\/v2\/types\/post"}],"author":[{"embeddable":true,"href":"https:\/\/utwnml.pl\/index.php\/wp-json\/wp\/v2\/users\/2"}],"replies":[{"embeddable":true,"href":"https:\/\/utwnml.pl\/index.php\/wp-json\/wp\/v2\/comments?post=2326"}],"version-history":[{"count":6,"href":"https:\/\/utwnml.pl\/index.php\/wp-json\/wp\/v2\/posts\/2326\/revisions"}],"predecessor-version":[{"id":2356,"href":"https:\/\/utwnml.pl\/index.php\/wp-json\/wp\/v2\/posts\/2326\/revisions\/2356"}],"wp:attachment":[{"href":"https:\/\/utwnml.pl\/index.php\/wp-json\/wp\/v2\/media?parent=2326"}],"wp:term":[{"taxonomy":"category","embeddable":true,"href":"https:\/\/utwnml.pl\/index.php\/wp-json\/wp\/v2\/categories?post=2326"},{"taxonomy":"post_tag","embeddable":true,"href":"https:\/\/utwnml.pl\/index.php\/wp-json\/wp\/v2\/tags?post=2326"}],"curies":[{"name":"wp","href":"https:\/\/api.w.org\/{rel}","templated":true}]}}