{"id":1970,"date":"2024-02-29T01:07:11","date_gmt":"2024-02-29T00:07:11","guid":{"rendered":"http:\/\/utwnml.pl\/?p=1970"},"modified":"2024-11-15T11:18:22","modified_gmt":"2024-11-15T10:18:22","slug":"bareja-wieczorowa-pora","status":"publish","type":"post","link":"https:\/\/utwnml.pl\/index.php\/2024\/02\/29\/bareja-wieczorowa-pora\/","title":{"rendered":",,Bareja wieczorow\u0105 por\u0105\u201d"},"content":{"rendered":"\n<figure class=\"wp-block-image size-medium is-resized is-style-rounded\"><img loading=\"lazy\" decoding=\"async\" width=\"300\" height=\"225\" src=\"http:\/\/utwnml.pl\/wp-content\/uploads\/2024\/02\/2021-12-16_163963960540-300x225.jpg\" alt=\"\" class=\"wp-image-1971\" style=\"width:840px;height:auto\" srcset=\"https:\/\/utwnml.pl\/wp-content\/uploads\/2024\/02\/2021-12-16_163963960540-300x225.jpg 300w, https:\/\/utwnml.pl\/wp-content\/uploads\/2024\/02\/2021-12-16_163963960540-768x576.jpg 768w, https:\/\/utwnml.pl\/wp-content\/uploads\/2024\/02\/2021-12-16_163963960540.jpg 960w\" sizes=\"auto, (max-width: 300px) 100vw, 300px\" \/><\/figure>\n\n\n\n<p>&nbsp;&nbsp; 25.02.2024 r. s\u0142uchacze UTW udali si\u0119 do Teatru im. Wiliama Horzycy w Toruniu na spektakl pt. ,,Bareja wieczorowa por\u0105\u201d w re\u017cyserii \u0141ukasza Czuja.<\/p>\n\n\n\n<figure class=\"wp-block-image size-full is-style-rounded\"><img loading=\"lazy\" decoding=\"async\" width=\"768\" height=\"1024\" src=\"http:\/\/utwnml.pl\/wp-content\/uploads\/2024\/02\/7496c28c-eac1-4144-af73-be7352a35400.jpg\" alt=\"\" class=\"wp-image-1972\" srcset=\"https:\/\/utwnml.pl\/wp-content\/uploads\/2024\/02\/7496c28c-eac1-4144-af73-be7352a35400.jpg 768w, https:\/\/utwnml.pl\/wp-content\/uploads\/2024\/02\/7496c28c-eac1-4144-af73-be7352a35400-225x300.jpg 225w\" sizes=\"auto, (max-width: 768px) 100vw, 768px\" \/><\/figure>\n\n\n\n<p><br>&nbsp; Akcja tego spektaklu &nbsp;dzieje si\u0119 w Toruniu &nbsp;w latach osiemdziesi\u0105tych minionego stulecia , nie brakuje tak\u017ce &nbsp;nawi\u0105za\u0144 do czas\u00f3w nam wsp\u00f3\u0142czes-nych. &nbsp;Nikt tak jak Stanis\u0142aw Bareja nie potrafi\u0142 pokaza\u0107 tego, co zwykli\u015bmy nazywa\u0107 ,,peerelowskim absurdem\u201d, a mo\u017ce absurdem polskim.<\/p>\n\n\n\n<p>&nbsp;W spektaklu nawi\u0105zuj\u0105cym do dzie\u0142 s\u0142ynnego re\u017cysera, znajdziemy Toru\u0144 i Polsk\u0119 z 1980 roku- kartki na \u017cywno\u015b\u0107, peweksy, postaw\u0119 \u00f3wczesnej w\u0142adzy i ch\u0119\u0107 wyrwania si\u0119 z tej rzeczywisto\u015bci.<br>Sztuka to trzy godziny \u015bwietnej zabawy, ale zabawy z nut\u0105 refleksji na temat czas\u00f3w ko\u0144ca PRL-u , jak i dnia dzisiejszego.<\/p>\n\n\n\n<figure class=\"wp-block-image size-large\"><img loading=\"lazy\" decoding=\"async\" width=\"768\" height=\"1024\" src=\"http:\/\/utwnml.pl\/wp-content\/uploads\/2024\/02\/ea578b2a-8247-4257-a72d-15c9fd7dc91a-768x1024.jpg\" alt=\"\" class=\"wp-image-1973\" srcset=\"https:\/\/utwnml.pl\/wp-content\/uploads\/2024\/02\/ea578b2a-8247-4257-a72d-15c9fd7dc91a-768x1024.jpg 768w, https:\/\/utwnml.pl\/wp-content\/uploads\/2024\/02\/ea578b2a-8247-4257-a72d-15c9fd7dc91a-225x300.jpg 225w, https:\/\/utwnml.pl\/wp-content\/uploads\/2024\/02\/ea578b2a-8247-4257-a72d-15c9fd7dc91a.jpg 1104w\" sizes=\"auto, (max-width: 768px) 100vw, 768px\" \/><\/figure>\n\n\n\n<p>\u015awietna choreografia, wspania\u0142a muzyka i gra aktorska sprawi\u0142a \u017ce sp\u0119dzili\u015bmy w teatrze fantastyczne chwile. Dzi\u0119kujemy organizatorom wyjazdu<br>&nbsp;tekst. Halina Wi\u015bniewska<em><br><br><\/em><\/p>\n","protected":false},"excerpt":{"rendered":"<p>&nbsp;&nbsp; 25.02.2024 r. s\u0142uchacze UTW udali si\u0119 do Teatru im. Wiliama Horzycy w Toruniu na spektakl pt. ,,Bareja wieczorowa por\u0105\u201d w re\u017cyserii \u0141ukasza Czuja. &nbsp; Akcja tego spektaklu &nbsp;dzieje si\u0119 w Toruniu &nbsp;w latach osiemdziesi\u0105tych minionego stulecia , nie brakuje tak\u017ce &nbsp;nawi\u0105za\u0144 do czas\u00f3w nam wsp\u00f3\u0142czes-nych. &nbsp;Nikt tak jak Stanis\u0142aw Bareja nie potrafi\u0142 pokaza\u0107 tego, &#8230; <a href=\"https:\/\/utwnml.pl\/index.php\/2024\/02\/29\/bareja-wieczorowa-pora\/\" class=\"more-link\">Read More<span class=\"screen-reader-text\"> &#8222;,,Bareja wieczorow\u0105 por\u0105\u201d&#8221;<\/span> &raquo;<\/a><\/p>\n","protected":false},"author":2,"featured_media":0,"comment_status":"closed","ping_status":"open","sticky":false,"template":"","format":"standard","meta":{"footnotes":""},"categories":[3],"tags":[],"class_list":["post-1970","post","type-post","status-publish","format-standard","hentry","category-aktualnosci"],"_links":{"self":[{"href":"https:\/\/utwnml.pl\/index.php\/wp-json\/wp\/v2\/posts\/1970","targetHints":{"allow":["GET"]}}],"collection":[{"href":"https:\/\/utwnml.pl\/index.php\/wp-json\/wp\/v2\/posts"}],"about":[{"href":"https:\/\/utwnml.pl\/index.php\/wp-json\/wp\/v2\/types\/post"}],"author":[{"embeddable":true,"href":"https:\/\/utwnml.pl\/index.php\/wp-json\/wp\/v2\/users\/2"}],"replies":[{"embeddable":true,"href":"https:\/\/utwnml.pl\/index.php\/wp-json\/wp\/v2\/comments?post=1970"}],"version-history":[{"count":2,"href":"https:\/\/utwnml.pl\/index.php\/wp-json\/wp\/v2\/posts\/1970\/revisions"}],"predecessor-version":[{"id":1975,"href":"https:\/\/utwnml.pl\/index.php\/wp-json\/wp\/v2\/posts\/1970\/revisions\/1975"}],"wp:attachment":[{"href":"https:\/\/utwnml.pl\/index.php\/wp-json\/wp\/v2\/media?parent=1970"}],"wp:term":[{"taxonomy":"category","embeddable":true,"href":"https:\/\/utwnml.pl\/index.php\/wp-json\/wp\/v2\/categories?post=1970"},{"taxonomy":"post_tag","embeddable":true,"href":"https:\/\/utwnml.pl\/index.php\/wp-json\/wp\/v2\/tags?post=1970"}],"curies":[{"name":"wp","href":"https:\/\/api.w.org\/{rel}","templated":true}]}}