{"id":1638,"date":"2023-09-24T22:20:47","date_gmt":"2023-09-24T20:20:47","guid":{"rendered":"http:\/\/utwnml.pl\/?p=1638"},"modified":"2024-11-15T11:19:01","modified_gmt":"2024-11-15T10:19:01","slug":"inauguracja-roku-akademickiego-2023-2024","status":"publish","type":"post","link":"https:\/\/utwnml.pl\/index.php\/2023\/09\/24\/inauguracja-roku-akademickiego-2023-2024\/","title":{"rendered":"INAUGURACJA ROKU AKADEMICKIEGO 2023\/2024"},"content":{"rendered":"\n<figure class=\"wp-block-image size-large is-resized\"><img loading=\"lazy\" decoding=\"async\" src=\"http:\/\/utwnml.pl\/wp-content\/uploads\/2023\/09\/Absolwenci-1024x576.jpg\" alt=\"\" class=\"wp-image-1639\" style=\"width:840px;height:473px\" width=\"840\" height=\"473\" srcset=\"https:\/\/utwnml.pl\/wp-content\/uploads\/2023\/09\/Absolwenci-1024x576.jpg 1024w, https:\/\/utwnml.pl\/wp-content\/uploads\/2023\/09\/Absolwenci-300x169.jpg 300w, https:\/\/utwnml.pl\/wp-content\/uploads\/2023\/09\/Absolwenci-768x432.jpg 768w, https:\/\/utwnml.pl\/wp-content\/uploads\/2023\/09\/Absolwenci-1536x864.jpg 1536w, https:\/\/utwnml.pl\/wp-content\/uploads\/2023\/09\/Absolwenci.jpg 1920w\" sizes=\"auto, (max-width: 840px) 100vw, 840px\" \/><\/figure>\n\n\n\n<figure class=\"wp-block-image size-full is-resized\"><img loading=\"lazy\" decoding=\"async\" src=\"http:\/\/utwnml.pl\/wp-content\/uploads\/2023\/09\/images-innauguracja.jpg\" alt=\"\" class=\"wp-image-1640\" style=\"width:840px;height:225px\" width=\"840\" height=\"225\"\/><\/figure>\n\n\n\n<p><\/p>\n\n\n\n<p>W dniu 04.10.2023(\u015broda) o godzinie 16.00 w sali Miejskiego Centrum Kultury.<\/p>\n\n\n\n<p>Odb\u0119dzie si\u0119 inauguracja roku akademickiego 2023\/2024<\/p>\n\n\n\n<p>W programie:<\/p>\n\n\n\n<p>Wyk\u0142ad Inauguracyjny<\/p>\n\n\n\n<p> Wyst\u0119p Kabaretu U3W<\/p>\n\n\n\n<p>&nbsp;<em>Zapraszamy serdecznie<\/em><\/p>\n\n\n\n<p><em>&nbsp;&nbsp;&nbsp; Zarz\u0105d UTW<\/em><em><\/em><\/p>\n","protected":false},"excerpt":{"rendered":"<p>W dniu 04.10.2023(\u015broda) o godzinie 16.00 w sali Miejskiego Centrum Kultury. Odb\u0119dzie si\u0119 inauguracja roku akademickiego 2023\/2024 W programie: Wyk\u0142ad Inauguracyjny Wyst\u0119p Kabaretu U3W &nbsp;Zapraszamy serdecznie &nbsp;&nbsp;&nbsp; Zarz\u0105d UTW<\/p>\n","protected":false},"author":2,"featured_media":0,"comment_status":"closed","ping_status":"open","sticky":false,"template":"","format":"standard","meta":{"footnotes":""},"categories":[3],"tags":[],"class_list":["post-1638","post","type-post","status-publish","format-standard","hentry","category-aktualnosci"],"_links":{"self":[{"href":"https:\/\/utwnml.pl\/index.php\/wp-json\/wp\/v2\/posts\/1638","targetHints":{"allow":["GET"]}}],"collection":[{"href":"https:\/\/utwnml.pl\/index.php\/wp-json\/wp\/v2\/posts"}],"about":[{"href":"https:\/\/utwnml.pl\/index.php\/wp-json\/wp\/v2\/types\/post"}],"author":[{"embeddable":true,"href":"https:\/\/utwnml.pl\/index.php\/wp-json\/wp\/v2\/users\/2"}],"replies":[{"embeddable":true,"href":"https:\/\/utwnml.pl\/index.php\/wp-json\/wp\/v2\/comments?post=1638"}],"version-history":[{"count":5,"href":"https:\/\/utwnml.pl\/index.php\/wp-json\/wp\/v2\/posts\/1638\/revisions"}],"predecessor-version":[{"id":2552,"href":"https:\/\/utwnml.pl\/index.php\/wp-json\/wp\/v2\/posts\/1638\/revisions\/2552"}],"wp:attachment":[{"href":"https:\/\/utwnml.pl\/index.php\/wp-json\/wp\/v2\/media?parent=1638"}],"wp:term":[{"taxonomy":"category","embeddable":true,"href":"https:\/\/utwnml.pl\/index.php\/wp-json\/wp\/v2\/categories?post=1638"},{"taxonomy":"post_tag","embeddable":true,"href":"https:\/\/utwnml.pl\/index.php\/wp-json\/wp\/v2\/tags?post=1638"}],"curies":[{"name":"wp","href":"https:\/\/api.w.org\/{rel}","templated":true}]}}