{"id":1231,"date":"2022-11-22T21:42:58","date_gmt":"2022-11-22T20:42:58","guid":{"rendered":"http:\/\/utwnml.pl\/?p=1231"},"modified":"2024-11-15T11:19:45","modified_gmt":"2024-11-15T10:19:45","slug":"turnus-rehabilitacyjny-w-lebie","status":"publish","type":"post","link":"https:\/\/utwnml.pl\/index.php\/2022\/11\/22\/turnus-rehabilitacyjny-w-lebie\/","title":{"rendered":"<strong>\u201eTurnus rehabilitacyjny w \u0141ebie\u201d<\/strong>"},"content":{"rendered":"\n<p>Kolejny raz s\u0142uchacze nowomiejskiego UTW wzi\u0119li udzia\u0142 w dwutygodniowym turnusie rekreacyjno \u2013 rehabilitacyjnym (05.11. \u2013 19.11. 2022), tym razem w o\u015brodku \u201eZdrowotel\u201d w \u0141ebie, po\u0142o\u017conym w sosnowym lesie, blisko pla\u017cy, na terenie rezerwatu \u201eMierzeja Sarbska\u201d.<\/p>\n\n\n\n<figure class=\"wp-block-image size-large is-resized\"><img loading=\"lazy\" decoding=\"async\" src=\"http:\/\/utwnml.pl\/wp-content\/uploads\/2022\/11\/f65149c1-e407-4982-8487-786fc756d07b-1024x768.jpg\" alt=\"\" class=\"wp-image-1248\" width=\"840\" height=\"630\" srcset=\"https:\/\/utwnml.pl\/wp-content\/uploads\/2022\/11\/f65149c1-e407-4982-8487-786fc756d07b-1024x768.jpg 1024w, https:\/\/utwnml.pl\/wp-content\/uploads\/2022\/11\/f65149c1-e407-4982-8487-786fc756d07b-300x225.jpg 300w, https:\/\/utwnml.pl\/wp-content\/uploads\/2022\/11\/f65149c1-e407-4982-8487-786fc756d07b-768x576.jpg 768w, https:\/\/utwnml.pl\/wp-content\/uploads\/2022\/11\/f65149c1-e407-4982-8487-786fc756d07b-1536x1152.jpg 1536w, https:\/\/utwnml.pl\/wp-content\/uploads\/2022\/11\/f65149c1-e407-4982-8487-786fc756d07b.jpg 1600w\" sizes=\"auto, (max-width: 840px) 100vw, 840px\" \/><\/figure>\n\n\n\n<figure class=\"wp-block-image size-large is-style-rounded\"><img loading=\"lazy\" decoding=\"async\" width=\"768\" height=\"1024\" src=\"http:\/\/utwnml.pl\/wp-content\/uploads\/2022\/11\/12dce9b8-227d-4c40-8fda-5edbf7232801-768x1024.jpg\" alt=\"\" class=\"wp-image-1249\" srcset=\"https:\/\/utwnml.pl\/wp-content\/uploads\/2022\/11\/12dce9b8-227d-4c40-8fda-5edbf7232801-768x1024.jpg 768w, https:\/\/utwnml.pl\/wp-content\/uploads\/2022\/11\/12dce9b8-227d-4c40-8fda-5edbf7232801-225x300.jpg 225w, https:\/\/utwnml.pl\/wp-content\/uploads\/2022\/11\/12dce9b8-227d-4c40-8fda-5edbf7232801-1152x1536.jpg 1152w, https:\/\/utwnml.pl\/wp-content\/uploads\/2022\/11\/12dce9b8-227d-4c40-8fda-5edbf7232801.jpg 1200w\" sizes=\"auto, (max-width: 768px) 100vw, 768px\" \/><\/figure>\n\n\n\n<p>Korzystali\u015bmy z bogatej oferty zabieg\u00f3w indywidualnych i grupowych pod opiek\u0105 profesjonalnej, sympatycznej kadry rehabilitant\u00f3w<\/p>\n\n\n\n<figure class=\"wp-block-image size-medium is-style-rounded\"><img loading=\"lazy\" decoding=\"async\" width=\"225\" height=\"300\" src=\"http:\/\/utwnml.pl\/wp-content\/uploads\/2022\/11\/PHOTO-2022-11-28-20-22-24-225x300.jpg\" alt=\"\" class=\"wp-image-1250\" srcset=\"https:\/\/utwnml.pl\/wp-content\/uploads\/2022\/11\/PHOTO-2022-11-28-20-22-24-225x300.jpg 225w, https:\/\/utwnml.pl\/wp-content\/uploads\/2022\/11\/PHOTO-2022-11-28-20-22-24-768x1024.jpg 768w, https:\/\/utwnml.pl\/wp-content\/uploads\/2022\/11\/PHOTO-2022-11-28-20-22-24-1152x1536.jpg 1152w, https:\/\/utwnml.pl\/wp-content\/uploads\/2022\/11\/PHOTO-2022-11-28-20-22-24.jpg 1200w\" sizes=\"auto, (max-width: 225px) 100vw, 225px\" \/><\/figure>\n\n\n\n<p> oraz urozmaiconej i regionalnej oferty kulinarnej w sto\u0142\u00f3wce. Kierownictwo o\u015brodka zadba\u0142o tak\u017ce o ciekaw\u0105 i bogat\u0105 ofert\u0119 kulturalno \u2013 turystyczno \u2013 rozrywkow\u0105. By\u0142y wi\u0119c tradycyjne dyskoteki w kawiarni, \u201eZ\u0142ote przeboje lat 60-tych i 70-tych\u201d i \u201eMuzyczne wspomnienie Anny Jantar\u201d, a tak\u017ce wsp\u00f3lne \u015bpiewanie 11 listopada pie\u015bni patriotycznych w Bibliotece Miejskiej w \u0141ebie. By\u0142a wycieczka autokarowa z przewodnikiem po \u0141ebie i najbli\u017cszej okolicy oraz\u00a0 wycieczka do L\u0119borka\u00a0 i na Wydmy Ruchome w R\u0105bce. Ognisko z pieczeniem kie\u0142basek, dzie\u0144 kuchni kaszubskiej, kt\u00f3rej specja\u0142\u00f3w mo\u017cna by\u0142o skosztowa\u0107 tak\u017ce podczas plenerowej imprezy \u201eG\u0119sina w Swo\u0142owie\u201d, gdzie odbywa\u0142 si\u0119 targ produkt\u00f3w wiejskich z okolicy oraz jarmark r\u0119kodzie\u0142a.<\/p>\n\n\n\n<p>Podczas prezentacji \u201e\u0141eba bez tajemnic\u201d&nbsp; i opowie\u015bci o S\u0142owi\u0144skim Parku Narodowym poznali\u015bmy ciekaw\u0105 i trudn\u0105 histori\u0119 &nbsp;S\u0142owi\u0144c\u00f3w ,Kaszub\u00f3w i ludno\u015bci nap\u0142ywowej, ich obyczaje i tradycj\u0119. Dowiedzieli\u015bmy si\u0119, jak powstaj\u0105 wydmy, jak w\u0119druj\u0105 i dlaczego \u201e\u015bpiewaj\u0105\u201d, jak s\u0105 gro\u017ane, jakie ro\u015bliny i zwierz\u0119ta radz\u0105 sobie w tym trudnym \u015brodowisku. Poznawali\u015bmy t\u0119 niezwyk\u0142\u0105 krain\u0119 wody, wiatru i piasku oraz mieszkaj\u0105cych tu ludzi, realizuj\u0105cych swoje pasje. \u015apiewali\u015bmy szanty z zespo\u0142em \u201eTrawers\u201d. Obejrzeli\u015bmy dwa autorskie monodramy pani Doroty Reszke, bibliotekarki, kt\u00f3rej pasj\u0105 jest teatr, spotkali\u015bmy si\u0119 z poezj\u0105 i malarstwem pani Ewy Buca\u0142y, mieszkanki \u0141eby.<\/p>\n\n\n\n<p>Mieli\u015bmy szcz\u0119\u015bcie, \u017ce przyjechali\u015bmy do \u0141eby o tej porze, po sezonie, gdzie cisza i spok\u00f3j, puste pi\u0119kne pla\u017ce i wspaniali sympatyczni ludzie.<\/p>\n\n\n\n<figure class=\"wp-block-image size-medium is-resized is-style-rounded\"><img loading=\"lazy\" decoding=\"async\" src=\"http:\/\/utwnml.pl\/wp-content\/uploads\/2022\/11\/842c76b7-2a5f-44f8-bae0-9f932d5156c2-300x225.jpg\" alt=\"\" class=\"wp-image-1251\" width=\"300\" height=\"225\" srcset=\"https:\/\/utwnml.pl\/wp-content\/uploads\/2022\/11\/842c76b7-2a5f-44f8-bae0-9f932d5156c2-300x225.jpg 300w, https:\/\/utwnml.pl\/wp-content\/uploads\/2022\/11\/842c76b7-2a5f-44f8-bae0-9f932d5156c2-1024x768.jpg 1024w, https:\/\/utwnml.pl\/wp-content\/uploads\/2022\/11\/842c76b7-2a5f-44f8-bae0-9f932d5156c2-768x576.jpg 768w, https:\/\/utwnml.pl\/wp-content\/uploads\/2022\/11\/842c76b7-2a5f-44f8-bae0-9f932d5156c2-1536x1153.jpg 1536w, https:\/\/utwnml.pl\/wp-content\/uploads\/2022\/11\/842c76b7-2a5f-44f8-bae0-9f932d5156c2.jpg 1599w\" sizes=\"auto, (max-width: 300px) 100vw, 300px\" \/><\/figure>\n\n\n\n<figure class=\"wp-block-image size-large\"><img loading=\"lazy\" decoding=\"async\" width=\"768\" height=\"1024\" src=\"http:\/\/utwnml.pl\/wp-content\/uploads\/2022\/11\/cf9f91ba-76e3-4430-bf7f-111e89c83fc0-768x1024.jpg\" alt=\"\" class=\"wp-image-1252\" srcset=\"https:\/\/utwnml.pl\/wp-content\/uploads\/2022\/11\/cf9f91ba-76e3-4430-bf7f-111e89c83fc0-768x1024.jpg 768w, https:\/\/utwnml.pl\/wp-content\/uploads\/2022\/11\/cf9f91ba-76e3-4430-bf7f-111e89c83fc0-225x300.jpg 225w, https:\/\/utwnml.pl\/wp-content\/uploads\/2022\/11\/cf9f91ba-76e3-4430-bf7f-111e89c83fc0-1152x1536.jpg 1152w, https:\/\/utwnml.pl\/wp-content\/uploads\/2022\/11\/cf9f91ba-76e3-4430-bf7f-111e89c83fc0.jpg 1200w\" sizes=\"auto, (max-width: 768px) 100vw, 768px\" \/><\/figure>\n\n\n\n<p>W imieniu uczestnik\u00f3w turnusu serdecznie dzi\u0119kuj\u0119&nbsp; organizatorom naszego wyjazdu \u2013 Zosi i Leszkowi.<\/p>\n\n\n\n<p>Barbara Jasiak.<\/p>\n","protected":false},"excerpt":{"rendered":"<p>Kolejny raz s\u0142uchacze nowomiejskiego UTW wzi\u0119li udzia\u0142 w dwutygodniowym turnusie rekreacyjno \u2013 rehabilitacyjnym (05.11. \u2013 19.11. 2022), tym razem w o\u015brodku \u201eZdrowotel\u201d w \u0141ebie, po\u0142o\u017conym w sosnowym lesie, blisko pla\u017cy, na terenie rezerwatu \u201eMierzeja Sarbska\u201d. Korzystali\u015bmy z bogatej oferty zabieg\u00f3w indywidualnych i grupowych pod opiek\u0105 profesjonalnej, sympatycznej kadry rehabilitant\u00f3w oraz urozmaiconej i regionalnej oferty kulinarnej &#8230; <a href=\"https:\/\/utwnml.pl\/index.php\/2022\/11\/22\/turnus-rehabilitacyjny-w-lebie\/\" class=\"more-link\">Read More<span class=\"screen-reader-text\"> &#8222;<strong>\u201eTurnus rehabilitacyjny w \u0141ebie\u201d<\/strong>&#8222;<\/span> &raquo;<\/a><\/p>\n","protected":false},"author":2,"featured_media":0,"comment_status":"closed","ping_status":"open","sticky":false,"template":"","format":"standard","meta":{"footnotes":""},"categories":[3],"tags":[],"class_list":["post-1231","post","type-post","status-publish","format-standard","hentry","category-aktualnosci"],"_links":{"self":[{"href":"https:\/\/utwnml.pl\/index.php\/wp-json\/wp\/v2\/posts\/1231","targetHints":{"allow":["GET"]}}],"collection":[{"href":"https:\/\/utwnml.pl\/index.php\/wp-json\/wp\/v2\/posts"}],"about":[{"href":"https:\/\/utwnml.pl\/index.php\/wp-json\/wp\/v2\/types\/post"}],"author":[{"embeddable":true,"href":"https:\/\/utwnml.pl\/index.php\/wp-json\/wp\/v2\/users\/2"}],"replies":[{"embeddable":true,"href":"https:\/\/utwnml.pl\/index.php\/wp-json\/wp\/v2\/comments?post=1231"}],"version-history":[{"count":3,"href":"https:\/\/utwnml.pl\/index.php\/wp-json\/wp\/v2\/posts\/1231\/revisions"}],"predecessor-version":[{"id":1253,"href":"https:\/\/utwnml.pl\/index.php\/wp-json\/wp\/v2\/posts\/1231\/revisions\/1253"}],"wp:attachment":[{"href":"https:\/\/utwnml.pl\/index.php\/wp-json\/wp\/v2\/media?parent=1231"}],"wp:term":[{"taxonomy":"category","embeddable":true,"href":"https:\/\/utwnml.pl\/index.php\/wp-json\/wp\/v2\/categories?post=1231"},{"taxonomy":"post_tag","embeddable":true,"href":"https:\/\/utwnml.pl\/index.php\/wp-json\/wp\/v2\/tags?post=1231"}],"curies":[{"name":"wp","href":"https:\/\/api.w.org\/{rel}","templated":true}]}}