{"id":1056,"date":"2022-07-01T18:26:52","date_gmt":"2022-07-01T16:26:52","guid":{"rendered":"http:\/\/utwnml.pl\/?p=1056"},"modified":"2022-09-08T10:54:06","modified_gmt":"2022-09-08T08:54:06","slug":"mokradla","status":"publish","type":"post","link":"https:\/\/utwnml.pl\/index.php\/2022\/07\/01\/mokradla\/","title":{"rendered":"&#8222;Mokrad\u0142a\u201d"},"content":{"rendered":"\n<p>Na zaproszenie Fundacji &#8222;Ziemia i Ludzie&#8221; w dniach 13 i 14 czerwca, 30 Uniwersytet\u00f3w III wieku z ca\u0142ej Polski uczestniczy\u0142o w projekcie &#8222;Ekopokolenia. Mokrad\u0142a &#8211; woda, \u017cycie, klimat&#8221;. Na spotkanie inauguracyjne zostali\u015bmy zaproszeni do G\u00f3ry Kalwarii ko\u0142o Warszawy. Jest to 7 edycja projektu mi\u0119dzypokoleniowego na rzecz zr\u00f3wnowa\u017conego rozwoju realizowanego przez fundacje &#8222;Ziemia i ludzie&#8221; oraz norweski uniwersytet &#8222;Inland Norway of Applied Sciences&#8221;. G\u0142\u00f3wnym celem projektu jest wzrost \u015bwiadomo\u015bci ekologicznej lokalnych spo\u0142eczno\u015bci na temat mokrade\u0142 i teren\u00f3w bagiennych, kt\u00f3re stanowi\u0105 14,2% powierzchni naszego kraju, oraz konieczno\u015bci ich ochrony w najbli\u017cszym otoczeniu. W pierwszym dniu wys\u0142uchali\u015bmy trzech wyk\u0142ad\u00f3w, m:in dr Jadwigi Sienkiewicz pt. &#8222;Dlaczego nale\u017cy chroni\u0107 mokrad\u0142a&#8221;. W drugim dniu zwiedzili\u015bmy \u015bcie\u017ck\u0119 edukacyjn\u0105 na Bagnie Ca\u0142owanie na terenie Mazowieckiego Parku Krajobrazowego. Zaj\u0119cia terenowe poprowadzi\u0142 dr hab Wiktor Kotowski z UW &#8211; pasjonat ochrony mokrade\u0142 i teren\u00f3w bagiennych.&nbsp;<\/p>\n\n\n\n<figure class=\"wp-block-image size-large\"><img loading=\"lazy\" decoding=\"async\" width=\"1024\" height=\"768\" src=\"http:\/\/utwnml.pl\/wp-content\/uploads\/2022\/07\/PHOTO-2022-06-17-22-24-21-1024x768.jpg\" alt=\"\" class=\"wp-image-1057\" srcset=\"https:\/\/utwnml.pl\/wp-content\/uploads\/2022\/07\/PHOTO-2022-06-17-22-24-21-1024x768.jpg 1024w, https:\/\/utwnml.pl\/wp-content\/uploads\/2022\/07\/PHOTO-2022-06-17-22-24-21-300x225.jpg 300w, https:\/\/utwnml.pl\/wp-content\/uploads\/2022\/07\/PHOTO-2022-06-17-22-24-21-768x576.jpg 768w, https:\/\/utwnml.pl\/wp-content\/uploads\/2022\/07\/PHOTO-2022-06-17-22-24-21-1536x1152.jpg 1536w, https:\/\/utwnml.pl\/wp-content\/uploads\/2022\/07\/PHOTO-2022-06-17-22-24-21.jpg 1600w\" sizes=\"auto, (max-width: 1024px) 100vw, 1024px\" \/><\/figure>\n\n\n\n<p>Organizacja konferencji wzorowa, opr\u00f3cz zagadnie\u0144 merytorycznych by\u0142 czas na uroczyst\u0105 kolacj\u0119 oraz zwiedzenie zamku w Czersku. Za udzia\u0142 w projekcie nasz UTW otrzyma\u0142 certyfikat &#8222;Uniwersytet przyjazny Ziemi&#8221; nadany przez fundacje &#8222;Ziemia i ludzie&#8221; Uniwersytet nasz by\u0142 reprezentowany przez: Gra\u017cyn\u0119 Gawi\u0144sk\u0105 i Lecha Bobera <\/p>\n\n\n\n<figure class=\"wp-block-image size-large\"><img loading=\"lazy\" decoding=\"async\" width=\"1024\" height=\"768\" src=\"http:\/\/utwnml.pl\/wp-content\/uploads\/2022\/07\/PHOTO-2022-06-17-22-21-31-1-1024x768.jpg\" alt=\"\" class=\"wp-image-1060\" srcset=\"https:\/\/utwnml.pl\/wp-content\/uploads\/2022\/07\/PHOTO-2022-06-17-22-21-31-1-1024x768.jpg 1024w, https:\/\/utwnml.pl\/wp-content\/uploads\/2022\/07\/PHOTO-2022-06-17-22-21-31-1-300x225.jpg 300w, https:\/\/utwnml.pl\/wp-content\/uploads\/2022\/07\/PHOTO-2022-06-17-22-21-31-1-768x576.jpg 768w, https:\/\/utwnml.pl\/wp-content\/uploads\/2022\/07\/PHOTO-2022-06-17-22-21-31-1-1536x1152.jpg 1536w, https:\/\/utwnml.pl\/wp-content\/uploads\/2022\/07\/PHOTO-2022-06-17-22-21-31-1.jpg 1600w\" sizes=\"auto, (max-width: 1024px) 100vw, 1024px\" \/><\/figure>\n\n\n\n<figure class=\"wp-block-image size-large is-resized is-style-rounded\"><img loading=\"lazy\" decoding=\"async\" src=\"http:\/\/utwnml.pl\/wp-content\/uploads\/2022\/07\/PHOTO-2022-06-17-22-22-57-768x1024.jpg\" alt=\"\" class=\"wp-image-1059\" width=\"274\" height=\"366\" srcset=\"https:\/\/utwnml.pl\/wp-content\/uploads\/2022\/07\/PHOTO-2022-06-17-22-22-57-768x1024.jpg 768w, https:\/\/utwnml.pl\/wp-content\/uploads\/2022\/07\/PHOTO-2022-06-17-22-22-57-225x300.jpg 225w, https:\/\/utwnml.pl\/wp-content\/uploads\/2022\/07\/PHOTO-2022-06-17-22-22-57-1152x1536.jpg 1152w, https:\/\/utwnml.pl\/wp-content\/uploads\/2022\/07\/PHOTO-2022-06-17-22-22-57.jpg 1200w\" sizes=\"auto, (max-width: 274px) 100vw, 274px\" \/><\/figure>\n\n\n\n<figure class=\"wp-block-image size-large\"><img loading=\"lazy\" decoding=\"async\" width=\"768\" height=\"1024\" src=\"http:\/\/utwnml.pl\/wp-content\/uploads\/2022\/07\/PHOTO-2022-06-17-22-21-11-768x1024.jpg\" alt=\"\" class=\"wp-image-1061\" srcset=\"https:\/\/utwnml.pl\/wp-content\/uploads\/2022\/07\/PHOTO-2022-06-17-22-21-11-768x1024.jpg 768w, https:\/\/utwnml.pl\/wp-content\/uploads\/2022\/07\/PHOTO-2022-06-17-22-21-11-225x300.jpg 225w, https:\/\/utwnml.pl\/wp-content\/uploads\/2022\/07\/PHOTO-2022-06-17-22-21-11-1152x1536.jpg 1152w, https:\/\/utwnml.pl\/wp-content\/uploads\/2022\/07\/PHOTO-2022-06-17-22-21-11.jpg 1200w\" sizes=\"auto, (max-width: 768px) 100vw, 768px\" \/><\/figure>\n\n\n\n<p> Nale\u017cy doda\u0107, \u017ce w ramach projektu b\u0119d\u0105 realizowane zadania zgodnie z harmonogramem opisanym przez organizatora. Zapraszamy s\u0142uchaczy do w\u0142\u0105czenia si\u0119 w realizacje zada\u0144 projektu<\/p>\n\n\n\n<figure class=\"wp-block-image size-medium is-style-rounded\"><img loading=\"lazy\" decoding=\"async\" width=\"225\" height=\"300\" src=\"http:\/\/utwnml.pl\/wp-content\/uploads\/2022\/07\/PHOTO-2022-06-17-22-24-12-225x300.jpg\" alt=\"\" class=\"wp-image-1064\" srcset=\"https:\/\/utwnml.pl\/wp-content\/uploads\/2022\/07\/PHOTO-2022-06-17-22-24-12-225x300.jpg 225w, https:\/\/utwnml.pl\/wp-content\/uploads\/2022\/07\/PHOTO-2022-06-17-22-24-12-768x1024.jpg 768w, https:\/\/utwnml.pl\/wp-content\/uploads\/2022\/07\/PHOTO-2022-06-17-22-24-12-1152x1536.jpg 1152w, https:\/\/utwnml.pl\/wp-content\/uploads\/2022\/07\/PHOTO-2022-06-17-22-24-12.jpg 1200w\" sizes=\"auto, (max-width: 225px) 100vw, 225px\" \/><\/figure>\n\n\n\n<p>&nbsp; &nbsp; &nbsp; &nbsp; &nbsp; &nbsp; &nbsp; &nbsp; &nbsp; &nbsp; &nbsp; &nbsp; &nbsp; &nbsp; &nbsp; &nbsp; &nbsp; &nbsp; &nbsp; &nbsp;Koordynator projektu Lech Bober.<\/p>\n","protected":false},"excerpt":{"rendered":"<p>Na zaproszenie Fundacji &#8222;Ziemia i Ludzie&#8221; w dniach 13 i 14 czerwca, 30 Uniwersytet\u00f3w III wieku z ca\u0142ej Polski uczestniczy\u0142o w projekcie &#8222;Ekopokolenia. Mokrad\u0142a &#8211; woda, \u017cycie, klimat&#8221;. Na spotkanie inauguracyjne zostali\u015bmy zaproszeni do G\u00f3ry Kalwarii ko\u0142o Warszawy. Jest to 7 edycja projektu mi\u0119dzypokoleniowego na rzecz zr\u00f3wnowa\u017conego rozwoju realizowanego przez fundacje &#8222;Ziemia i ludzie&#8221; oraz &#8230; <a href=\"https:\/\/utwnml.pl\/index.php\/2022\/07\/01\/mokradla\/\" class=\"more-link\">Read More<span class=\"screen-reader-text\"> &#8222;&#8222;Mokrad\u0142a\u201d&#8221;<\/span> &raquo;<\/a><\/p>\n","protected":false},"author":2,"featured_media":0,"comment_status":"closed","ping_status":"open","sticky":false,"template":"","format":"standard","meta":{"footnotes":""},"categories":[3],"tags":[],"class_list":["post-1056","post","type-post","status-publish","format-standard","hentry","category-aktualnosci"],"_links":{"self":[{"href":"https:\/\/utwnml.pl\/index.php\/wp-json\/wp\/v2\/posts\/1056","targetHints":{"allow":["GET"]}}],"collection":[{"href":"https:\/\/utwnml.pl\/index.php\/wp-json\/wp\/v2\/posts"}],"about":[{"href":"https:\/\/utwnml.pl\/index.php\/wp-json\/wp\/v2\/types\/post"}],"author":[{"embeddable":true,"href":"https:\/\/utwnml.pl\/index.php\/wp-json\/wp\/v2\/users\/2"}],"replies":[{"embeddable":true,"href":"https:\/\/utwnml.pl\/index.php\/wp-json\/wp\/v2\/comments?post=1056"}],"version-history":[{"count":4,"href":"https:\/\/utwnml.pl\/index.php\/wp-json\/wp\/v2\/posts\/1056\/revisions"}],"predecessor-version":[{"id":1073,"href":"https:\/\/utwnml.pl\/index.php\/wp-json\/wp\/v2\/posts\/1056\/revisions\/1073"}],"wp:attachment":[{"href":"https:\/\/utwnml.pl\/index.php\/wp-json\/wp\/v2\/media?parent=1056"}],"wp:term":[{"taxonomy":"category","embeddable":true,"href":"https:\/\/utwnml.pl\/index.php\/wp-json\/wp\/v2\/categories?post=1056"},{"taxonomy":"post_tag","embeddable":true,"href":"https:\/\/utwnml.pl\/index.php\/wp-json\/wp\/v2\/tags?post=1056"}],"curies":[{"name":"wp","href":"https:\/\/api.w.org\/{rel}","templated":true}]}}